{"id":1525,"date":"2025-01-20T12:04:00","date_gmt":"2025-01-20T12:04:00","guid":{"rendered":"https:\/\/www.hotcritics.com\/?p=1525"},"modified":"2025-01-20T12:58:32","modified_gmt":"2025-01-20T12:58:32","slug":"was-ist-schon-normal-artus-mal-2","status":"publish","type":"post","link":"https:\/\/www.hotcritics.com\/?p=1525","title":{"rendered":"Was ist schon normal &#8211; Artus mal 2"},"content":{"rendered":"\n<p><strong>Regie &amp; Drehbuch:&nbsp;<\/strong>Artus<\/p>\n\n\n\n<p><strong>Besetzung:&nbsp;<\/strong>Artus, Clovis Cornillac, Alice Bela\u00efdi, 11 Laiendarstellende als die Reisegruppe<\/p>\n\n\n\n<p><strong>Erscheinungsdatum:&nbsp;<\/strong>17.01.2025 auf Blu-ray, DVD, TVoD<\/p>\n\n\n\n<p><strong>Trailer:<\/strong>\u00a0<a href=\"https:\/\/www.youtube.com\/watch?v=YxihQ-J6M8U\"><a href=\"https:\/\/www.youtube.com\/watch?v=Snm3_fBIYZ4\">(23) WAS IST SCHON NORMAL? | Offizieller Trailer &#8211; YouTube<\/a><\/a><\/p>\n\n\n\n<figure class=\"wp-block-image size-large\"><img loading=\"lazy\" decoding=\"async\" width=\"1024\" height=\"683\" src=\"http:\/\/www.hotcritics.com\/wp-content\/uploads\/2025\/01\/18_WasIstSchonNormal_2024_David_Koskas-1024x683.jpg\" alt=\"\" class=\"wp-image-1537\" srcset=\"https:\/\/www.hotcritics.com\/wp-content\/uploads\/2025\/01\/18_WasIstSchonNormal_2024_David_Koskas-1024x683.jpg 1024w, https:\/\/www.hotcritics.com\/wp-content\/uploads\/2025\/01\/18_WasIstSchonNormal_2024_David_Koskas-300x200.jpg 300w, https:\/\/www.hotcritics.com\/wp-content\/uploads\/2025\/01\/18_WasIstSchonNormal_2024_David_Koskas-768x512.jpg 768w, https:\/\/www.hotcritics.com\/wp-content\/uploads\/2025\/01\/18_WasIstSchonNormal_2024_David_Koskas-1536x1024.jpg 1536w, https:\/\/www.hotcritics.com\/wp-content\/uploads\/2025\/01\/18_WasIstSchonNormal_2024_David_Koskas-2048x1365.jpg 2048w\" sizes=\"auto, (max-width: 1024px) 100vw, 1024px\" \/><\/figure>\n\n\n\n<p>Artus ist in Deutschland zwar weniger bekannt, aber in Frankreich eine ganz gro\u00dfe Nummer. Wie so oft haben es franz\u00f6sische Darsteller schwer auch international zu punkten. Mit dem Thema Inklusion hat es der Mainstream auch oft schwer und da muss schon eine sehr gute Kom\u00f6die entstehen, damit es auch beim breiten Publikum ankommt. &#8222;Ziemlich beste Freunde&#8220; ist hier ein allseits bekanntes Beispiel und &#8222;Was ist schon normal&#8220; hat \u00e4hnliches Potential.<\/p>\n\n\n\n<figure class=\"wp-block-image size-large\"><img loading=\"lazy\" decoding=\"async\" width=\"1024\" height=\"698\" src=\"http:\/\/www.hotcritics.com\/wp-content\/uploads\/2025\/01\/12_WasIstSchonNormal_2024_David_Koskas-1024x698.jpg\" alt=\"\" class=\"wp-image-1533\" srcset=\"https:\/\/www.hotcritics.com\/wp-content\/uploads\/2025\/01\/12_WasIstSchonNormal_2024_David_Koskas-1024x698.jpg 1024w, https:\/\/www.hotcritics.com\/wp-content\/uploads\/2025\/01\/12_WasIstSchonNormal_2024_David_Koskas-300x204.jpg 300w, https:\/\/www.hotcritics.com\/wp-content\/uploads\/2025\/01\/12_WasIstSchonNormal_2024_David_Koskas-768x523.jpg 768w, https:\/\/www.hotcritics.com\/wp-content\/uploads\/2025\/01\/12_WasIstSchonNormal_2024_David_Koskas-1536x1047.jpg 1536w, https:\/\/www.hotcritics.com\/wp-content\/uploads\/2025\/01\/12_WasIstSchonNormal_2024_David_Koskas-2048x1396.jpg 2048w\" sizes=\"auto, (max-width: 1024px) 100vw, 1024px\" \/><\/figure>\n\n\n\n<p>Nach einem Raub\u00fcberfall fl\u00fcchten Paulo (Artus) und sein Vater (Clovis Cornillac) vor der Polizei und finden ausgerechnet Unterschlupf in einem Reisebus, der junge Erwachsene mit Behinderung an ihren Urlaubsort in die Berge bringen soll. Paulo und sein Vater geben sich kurzerhand als der fehlende Mitreisende Sylvain und dessen Betreuer aus \u2013 eine fast perfekte Tarnung. Allerdings ist es auf die Dauer schwer nicht normal zu sein und \u00fcber allem steht die gro\u00dfe Frage: Was ist schon normal?!?<\/p>\n\n\n\n<figure class=\"wp-block-image size-large\"><img loading=\"lazy\" decoding=\"async\" width=\"1024\" height=\"576\" src=\"http:\/\/www.hotcritics.com\/wp-content\/uploads\/2025\/01\/11_WasIstSchonNormal_2024_Cine_Nomine-1024x576.jpg\" alt=\"\" class=\"wp-image-1532\" srcset=\"https:\/\/www.hotcritics.com\/wp-content\/uploads\/2025\/01\/11_WasIstSchonNormal_2024_Cine_Nomine-1024x576.jpg 1024w, https:\/\/www.hotcritics.com\/wp-content\/uploads\/2025\/01\/11_WasIstSchonNormal_2024_Cine_Nomine-300x169.jpg 300w, https:\/\/www.hotcritics.com\/wp-content\/uploads\/2025\/01\/11_WasIstSchonNormal_2024_Cine_Nomine-768x432.jpg 768w, https:\/\/www.hotcritics.com\/wp-content\/uploads\/2025\/01\/11_WasIstSchonNormal_2024_Cine_Nomine-1536x864.jpg 1536w, https:\/\/www.hotcritics.com\/wp-content\/uploads\/2025\/01\/11_WasIstSchonNormal_2024_Cine_Nomine.jpg 1920w\" sizes=\"auto, (max-width: 1024px) 100vw, 1024px\" \/><\/figure>\n\n\n\n<p>Besonders gelungen ist die Besetzung des Reiseteams mit Menschen mit Behinderung. Diese spielen so herrlich authentisch und unbek\u00fcmmert, dass man selbst gerne auf diese Reise mit Ihnen gehen w\u00fcrde. Dabei ist der Alltag alles andere als leicht, da &#8222;normale&#8220; Grenzen in der Gruppe st\u00e4ndig \u00fcberschritten werden. Aber das alles ist so fr\u00f6hlich, so traurig, so tragisch und auch so befreiend.<\/p>\n\n\n\n<figure class=\"wp-block-image size-large\"><img loading=\"lazy\" decoding=\"async\" width=\"1024\" height=\"683\" src=\"http:\/\/www.hotcritics.com\/wp-content\/uploads\/2025\/01\/02_WasIstSchonNormal_2024_David_Koskas-1024x683.jpg\" alt=\"\" class=\"wp-image-1542\" srcset=\"https:\/\/www.hotcritics.com\/wp-content\/uploads\/2025\/01\/02_WasIstSchonNormal_2024_David_Koskas-1024x683.jpg 1024w, https:\/\/www.hotcritics.com\/wp-content\/uploads\/2025\/01\/02_WasIstSchonNormal_2024_David_Koskas-300x200.jpg 300w, https:\/\/www.hotcritics.com\/wp-content\/uploads\/2025\/01\/02_WasIstSchonNormal_2024_David_Koskas-768x512.jpg 768w, https:\/\/www.hotcritics.com\/wp-content\/uploads\/2025\/01\/02_WasIstSchonNormal_2024_David_Koskas-1536x1024.jpg 1536w, https:\/\/www.hotcritics.com\/wp-content\/uploads\/2025\/01\/02_WasIstSchonNormal_2024_David_Koskas-2048x1365.jpg 2048w\" sizes=\"auto, (max-width: 1024px) 100vw, 1024px\" \/><\/figure>\n\n\n\n<p>So findet man es am Schluss schade, dass die Reise vorbei ist, aber das Ende l\u00e4sst neue Reisen offen und zur Not kann man sich ja jetzt die DVD, die Blu-ray oder das TVoD einfach nochmal ansehen. Die Extras auf der DVD und der Blu-ray sind \u00fcberdies sehr pers\u00f6nlich und die Synchronsprecher sind teilweise Schauspielende und Laien mit Behinderungen.<\/p>\n\n\n\n<figure class=\"wp-block-image size-large\"><img loading=\"lazy\" decoding=\"async\" width=\"1024\" height=\"683\" src=\"http:\/\/www.hotcritics.com\/wp-content\/uploads\/2025\/01\/Ferienlagergruppe_WasIstSchonNormal-1024x683.jpg\" alt=\"\" class=\"wp-image-1541\" srcset=\"https:\/\/www.hotcritics.com\/wp-content\/uploads\/2025\/01\/Ferienlagergruppe_WasIstSchonNormal-1024x683.jpg 1024w, https:\/\/www.hotcritics.com\/wp-content\/uploads\/2025\/01\/Ferienlagergruppe_WasIstSchonNormal-300x200.jpg 300w, https:\/\/www.hotcritics.com\/wp-content\/uploads\/2025\/01\/Ferienlagergruppe_WasIstSchonNormal-768x512.jpg 768w\" sizes=\"auto, (max-width: 1024px) 100vw, 1024px\" \/><\/figure>\n","protected":false},"excerpt":{"rendered":"<p>Regie &amp; Drehbuch:&nbsp;Artus Besetzung:&nbsp;Artus, Clovis Cornillac, Alice Bela\u00efdi, 11 Laiendarstellende als die Reisegruppe Erscheinungsdatum:&nbsp;17.01.2025 auf Blu-ray, DVD, TVoD Trailer:\u00a0(23) WAS IST SCHON NORMAL? | Offizieller Trailer &#8211; YouTube Artus ist in Deutschland zwar weniger bekannt, aber in Frankreich eine ganz gro\u00dfe Nummer. Wie so oft haben es franz\u00f6sische Darsteller schwer auch international zu punkten. Mit &hellip; <a href=\"https:\/\/www.hotcritics.com\/?p=1525\" class=\"more-link\"><span class=\"screen-reader-text\">Was ist schon normal &#8211; Artus mal 2<\/span> weiterlesen <span class=\"meta-nav\">&rarr;<\/span><\/a><\/p>\n","protected":false},"author":1,"featured_media":1546,"comment_status":"open","ping_status":"open","sticky":false,"template":"","format":"standard","meta":{"footnotes":""},"categories":[3,12],"tags":[],"class_list":["post-1525","post","type-post","status-publish","format-standard","has-post-thumbnail","hentry","category-franzoesische-kultur","category-komoedie"],"_links":{"self":[{"href":"https:\/\/www.hotcritics.com\/index.php?rest_route=\/wp\/v2\/posts\/1525","targetHints":{"allow":["GET"]}}],"collection":[{"href":"https:\/\/www.hotcritics.com\/index.php?rest_route=\/wp\/v2\/posts"}],"about":[{"href":"https:\/\/www.hotcritics.com\/index.php?rest_route=\/wp\/v2\/types\/post"}],"author":[{"embeddable":true,"href":"https:\/\/www.hotcritics.com\/index.php?rest_route=\/wp\/v2\/users\/1"}],"replies":[{"embeddable":true,"href":"https:\/\/www.hotcritics.com\/index.php?rest_route=%2Fwp%2Fv2%2Fcomments&post=1525"}],"version-history":[{"count":3,"href":"https:\/\/www.hotcritics.com\/index.php?rest_route=\/wp\/v2\/posts\/1525\/revisions"}],"predecessor-version":[{"id":1547,"href":"https:\/\/www.hotcritics.com\/index.php?rest_route=\/wp\/v2\/posts\/1525\/revisions\/1547"}],"wp:featuredmedia":[{"embeddable":true,"href":"https:\/\/www.hotcritics.com\/index.php?rest_route=\/wp\/v2\/media\/1546"}],"wp:attachment":[{"href":"https:\/\/www.hotcritics.com\/index.php?rest_route=%2Fwp%2Fv2%2Fmedia&parent=1525"}],"wp:term":[{"taxonomy":"category","embeddable":true,"href":"https:\/\/www.hotcritics.com\/index.php?rest_route=%2Fwp%2Fv2%2Fcategories&post=1525"},{"taxonomy":"post_tag","embeddable":true,"href":"https:\/\/www.hotcritics.com\/index.php?rest_route=%2Fwp%2Fv2%2Ftags&post=1525"}],"curies":[{"name":"wp","href":"https:\/\/api.w.org\/{rel}","templated":true}]}}